{"id":30226,"date":"2017-06-02T00:48:57","date_gmt":"2017-06-01T23:48:57","guid":{"rendered":"https:\/\/www.arc.cz\/?p=30226\/"},"modified":"2017-06-04T19:56:28","modified_gmt":"2017-06-04T18:56:28","slug":"das-stadtische-camphill-projekt-gestaltungskrafte-des-geistigen","status":"publish","type":"post","link":"https:\/\/www.arc.cz\/de\/das-stadtische-camphill-projekt-gestaltungskrafte-des-geistigen\/","title":{"rendered":"Das Stadtische Camphill Projekt Gestaltungskrafte Des Geistigen"},"content":{"rendered":"<strong>Zeitschrift \u201eMensch und Architektur\u201c, No. 79\/80, 2013<\/strong>\r\n\r\n<em>Gemeinsame soziale Arbeit am architektonischen Modell. Plastisch-architektonisches Gestalten ist die Grundlage der organischen Architektur. Durch Spontanit\u00e4t und Freude am Schaffen sind Intuition und Inspiration entstanden. Das Ergebnis sind lebendige Formen, die wahrhaft sind und \u00e4therische Qualit\u00e4t haben. Aus gemeinsamen Schaffen in der Gruppe entsteht ein soziales Kunstwerk&#8230;\r\n<\/em>\r\n<ul>\r\n \t<li><span id=\"result_box\" class=\"short_text\" lang=\"de\" tabindex=\"-1\"><span class=\"\"><a href=\"https:\/\/www.arc.cz\/wp-content\/uploads\/2017\/03\/das_stadtische_camphill_projekt_gestaltungskrafte_des_geistigen_1.pdf\">Artikel im PDF<\/a><\/span><\/span><\/li>\r\n \t<li><a href=\"\/web?p=601\">Projekt <\/a>des betreuten Wohnens Camphill in \u010cesk\u00e9 Kopisty in Litom\u011b\u0159ice. Interieure und M\u00f6bel in eine sozialtherapeutische Einrichtung. Realisierung aus nat\u00fcrlichen Materialien. Die benutzten Formen der M\u00f6bel, T\u00fcren und Fenster haben dank der Form und Farbigkeit einen therapeutischen Charakter&#8230;<\/li>\r\n<\/ul>","protected":false},"excerpt":{"rendered":"Zeitschrift \u201eMensch und Architektur\u201c, No. 79\/80, 2013 Gemeinsame soziale Arbeit am architektonischen Modell. Plastisch-architektonisches Gestalten ist die Grundlage der organischen Architektur. Durch Spontanit\u00e4t und Freude am Schaffen sind Intuition und Inspiration entstanden. Das Ergebnis sind lebendige Formen, die wahrhaft sind und \u00e4therische Qualit\u00e4t haben. Aus gemeinsamen Schaffen in der Gruppe entsteht ein soziales Kunstwerk&#8230; Artikel [&hellip;]","protected":false},"author":1,"featured_media":30228,"comment_status":"closed","ping_status":"closed","sticky":false,"template":"","format":"standard","meta":{"footnotes":""},"categories":[192],"tags":[],"yoast_head":"<!-- This site is optimized with the Yoast SEO plugin v23.1 - https:\/\/yoast.com\/wordpress\/plugins\/seo\/ -->\n<title>Das Stadtische Camphill Projekt Gestaltungskrafte Des Geistigen - Studio ARC<\/title>\n<meta name=\"robots\" content=\"index, follow, max-snippet:-1, max-image-preview:large, max-video-preview:-1\" \/>\n<link rel=\"canonical\" href=\"https:\/\/www.arc.cz\/de\/das-stadtische-camphill-projekt-gestaltungskrafte-des-geistigen\/\" \/>\n<meta property=\"og:locale\" content=\"de_DE\" \/>\n<meta property=\"og:type\" content=\"article\" \/>\n<meta property=\"og:title\" content=\"Das Stadtische Camphill Projekt Gestaltungskrafte Des Geistigen - Studio ARC\" \/>\n<meta property=\"og:description\" content=\"Zeitschrift \u201eMensch und Architektur\u201c, No. 79\/80, 2013 Gemeinsame soziale Arbeit am architektonischen Modell. Plastisch-architektonisches Gestalten ist die Grundlage der organischen Architektur. Durch Spontanit\u00e4t und Freude am Schaffen sind Intuition und Inspiration entstanden. Das Ergebnis sind lebendige Formen, die wahrhaft sind und \u00e4therische Qualit\u00e4t haben. Aus gemeinsamen Schaffen in der Gruppe entsteht ein soziales Kunstwerk&#8230; Artikel [&hellip;]\" \/>\n<meta property=\"og:url\" content=\"https:\/\/www.arc.cz\/de\/das-stadtische-camphill-projekt-gestaltungskrafte-des-geistigen\/\" \/>\n<meta property=\"og:site_name\" content=\"Studio ARC\" \/>\n<meta property=\"article:published_time\" content=\"2017-06-01T23:48:57+00:00\" \/>\n<meta property=\"article:modified_time\" content=\"2017-06-04T18:56:28+00:00\" \/>\n<meta property=\"og:image\" content=\"https:\/\/www.arc.cz\/wp-content\/uploads\/2017\/03\/das_stadtische_camphill_projekt_gestaltungskrafte_des_geistigen_1_stranka_01.jpg\" \/>\n\t<meta property=\"og:image:width\" content=\"1250\" \/>\n\t<meta property=\"og:image:height\" content=\"1754\" \/>\n\t<meta property=\"og:image:type\" content=\"image\/jpeg\" \/>\n<meta name=\"author\" content=\"Ji\u0159\u00ed Proch\u00e1zka\" \/>\n<meta name=\"twitter:card\" content=\"summary_large_image\" \/>\n<meta name=\"twitter:label1\" content=\"Verfasst von\" \/>\n\t<meta name=\"twitter:data1\" content=\"Ji\u0159\u00ed Proch\u00e1zka\" \/>\n\t<meta name=\"twitter:label2\" content=\"Gesch\u00e4tzte Lesezeit\" \/>\n\t<meta name=\"twitter:data2\" content=\"1\u00a0Minute\" \/>\n<script type=\"application\/ld+json\" class=\"yoast-schema-graph\">{\"@context\":\"https:\/\/schema.org\",\"@graph\":[{\"@type\":\"Article\",\"@id\":\"https:\/\/www.arc.cz\/de\/das-stadtische-camphill-projekt-gestaltungskrafte-des-geistigen\/#article\",\"isPartOf\":{\"@id\":\"https:\/\/www.arc.cz\/de\/das-stadtische-camphill-projekt-gestaltungskrafte-des-geistigen\/\"},\"author\":{\"name\":\"Ji\u0159\u00ed Proch\u00e1zka\",\"@id\":\"https:\/\/www.arc.cz\/de\/#\/schema\/person\/8f65350e57abad36b98a5971c96fba62\"},\"headline\":\"Das Stadtische Camphill Projekt Gestaltungskrafte Des Geistigen\",\"datePublished\":\"2017-06-01T23:48:57+00:00\",\"dateModified\":\"2017-06-04T18:56:28+00:00\",\"mainEntityOfPage\":{\"@id\":\"https:\/\/www.arc.cz\/de\/das-stadtische-camphill-projekt-gestaltungskrafte-des-geistigen\/\"},\"wordCount\":107,\"publisher\":{\"@id\":\"https:\/\/www.arc.cz\/de\/#organization\"},\"image\":{\"@id\":\"https:\/\/www.arc.cz\/de\/das-stadtische-camphill-projekt-gestaltungskrafte-des-geistigen\/#primaryimage\"},\"thumbnailUrl\":\"\",\"articleSection\":[\"Fachartikel und Berichte\"],\"inLanguage\":\"de\"},{\"@type\":\"WebPage\",\"@id\":\"https:\/\/www.arc.cz\/de\/das-stadtische-camphill-projekt-gestaltungskrafte-des-geistigen\/\",\"url\":\"https:\/\/www.arc.cz\/de\/das-stadtische-camphill-projekt-gestaltungskrafte-des-geistigen\/\",\"name\":\"Das Stadtische Camphill Projekt Gestaltungskrafte Des Geistigen - Studio ARC\",\"isPartOf\":{\"@id\":\"https:\/\/www.arc.cz\/de\/#website\"},\"primaryImageOfPage\":{\"@id\":\"https:\/\/www.arc.cz\/de\/das-stadtische-camphill-projekt-gestaltungskrafte-des-geistigen\/#primaryimage\"},\"image\":{\"@id\":\"https:\/\/www.arc.cz\/de\/das-stadtische-camphill-projekt-gestaltungskrafte-des-geistigen\/#primaryimage\"},\"thumbnailUrl\":\"\",\"datePublished\":\"2017-06-01T23:48:57+00:00\",\"dateModified\":\"2017-06-04T18:56:28+00:00\",\"breadcrumb\":{\"@id\":\"https:\/\/www.arc.cz\/de\/das-stadtische-camphill-projekt-gestaltungskrafte-des-geistigen\/#breadcrumb\"},\"inLanguage\":\"de\",\"potentialAction\":[{\"@type\":\"ReadAction\",\"target\":[\"https:\/\/www.arc.cz\/de\/das-stadtische-camphill-projekt-gestaltungskrafte-des-geistigen\/\"]}]},{\"@type\":\"ImageObject\",\"inLanguage\":\"de\",\"@id\":\"https:\/\/www.arc.cz\/de\/das-stadtische-camphill-projekt-gestaltungskrafte-des-geistigen\/#primaryimage\",\"url\":\"\",\"contentUrl\":\"\"},{\"@type\":\"BreadcrumbList\",\"@id\":\"https:\/\/www.arc.cz\/de\/das-stadtische-camphill-projekt-gestaltungskrafte-des-geistigen\/#breadcrumb\",\"itemListElement\":[{\"@type\":\"ListItem\",\"position\":1,\"name\":\"Dom\u016f\",\"item\":\"https:\/\/www.arc.cz\/de\/celostni-a-organicka-architektura\/\"},{\"@type\":\"ListItem\",\"position\":2,\"name\":\"Das Stadtische Camphill Projekt Gestaltungskrafte Des Geistigen\"}]},{\"@type\":\"WebSite\",\"@id\":\"https:\/\/www.arc.cz\/de\/#website\",\"url\":\"https:\/\/www.arc.cz\/de\/\",\"name\":\"Studio ARC\",\"description\":\"Old\u0159ich Hozman Architect | Holistic and organic architecture\",\"publisher\":{\"@id\":\"https:\/\/www.arc.cz\/de\/#organization\"},\"potentialAction\":[{\"@type\":\"SearchAction\",\"target\":{\"@type\":\"EntryPoint\",\"urlTemplate\":\"https:\/\/www.arc.cz\/de\/?s={search_term_string}\"},\"query-input\":\"required name=search_term_string\"}],\"inLanguage\":\"de\"},{\"@type\":\"Organization\",\"@id\":\"https:\/\/www.arc.cz\/de\/#organization\",\"name\":\"Studio ARC\",\"url\":\"https:\/\/www.arc.cz\/de\/\",\"logo\":{\"@type\":\"ImageObject\",\"inLanguage\":\"de\",\"@id\":\"https:\/\/www.arc.cz\/de\/#\/schema\/logo\/image\/\",\"url\":\"https:\/\/www.arc.cz\/wp-content\/uploads\/logo.gif\",\"contentUrl\":\"https:\/\/www.arc.cz\/wp-content\/uploads\/logo.gif\",\"width\":125,\"height\":125,\"caption\":\"Studio ARC\"},\"image\":{\"@id\":\"https:\/\/www.arc.cz\/de\/#\/schema\/logo\/image\/\"}},{\"@type\":\"Person\",\"@id\":\"https:\/\/www.arc.cz\/de\/#\/schema\/person\/8f65350e57abad36b98a5971c96fba62\",\"name\":\"Ji\u0159\u00ed Proch\u00e1zka\",\"sameAs\":[\"http:\/\/www.norbou.com\"],\"url\":\"https:\/\/www.arc.cz\/de\/author\/norbou\/\"}]}<\/script>\n<!-- \/ Yoast SEO plugin. -->","yoast_head_json":{"title":"Das Stadtische Camphill Projekt Gestaltungskrafte Des Geistigen - Studio ARC","robots":{"index":"index","follow":"follow","max-snippet":"max-snippet:-1","max-image-preview":"max-image-preview:large","max-video-preview":"max-video-preview:-1"},"canonical":"https:\/\/www.arc.cz\/de\/das-stadtische-camphill-projekt-gestaltungskrafte-des-geistigen\/","og_locale":"de_DE","og_type":"article","og_title":"Das Stadtische Camphill Projekt Gestaltungskrafte Des Geistigen - Studio ARC","og_description":"Zeitschrift \u201eMensch und Architektur\u201c, No. 79\/80, 2013 Gemeinsame soziale Arbeit am architektonischen Modell. Plastisch-architektonisches Gestalten ist die Grundlage der organischen Architektur. Durch Spontanit\u00e4t und Freude am Schaffen sind Intuition und Inspiration entstanden. Das Ergebnis sind lebendige Formen, die wahrhaft sind und \u00e4therische Qualit\u00e4t haben. Aus gemeinsamen Schaffen in der Gruppe entsteht ein soziales Kunstwerk&#8230; Artikel [&hellip;]","og_url":"https:\/\/www.arc.cz\/de\/das-stadtische-camphill-projekt-gestaltungskrafte-des-geistigen\/","og_site_name":"Studio ARC","article_published_time":"2017-06-01T23:48:57+00:00","article_modified_time":"2017-06-04T18:56:28+00:00","og_image":[{"width":1250,"height":1754,"url":"https:\/\/www.arc.cz\/wp-content\/uploads\/2017\/03\/das_stadtische_camphill_projekt_gestaltungskrafte_des_geistigen_1_stranka_01.jpg","type":"image\/jpeg"}],"author":"Ji\u0159\u00ed Proch\u00e1zka","twitter_card":"summary_large_image","twitter_misc":{"Verfasst von":"Ji\u0159\u00ed Proch\u00e1zka","Gesch\u00e4tzte Lesezeit":"1\u00a0Minute"},"schema":{"@context":"https:\/\/schema.org","@graph":[{"@type":"Article","@id":"https:\/\/www.arc.cz\/de\/das-stadtische-camphill-projekt-gestaltungskrafte-des-geistigen\/#article","isPartOf":{"@id":"https:\/\/www.arc.cz\/de\/das-stadtische-camphill-projekt-gestaltungskrafte-des-geistigen\/"},"author":{"name":"Ji\u0159\u00ed Proch\u00e1zka","@id":"https:\/\/www.arc.cz\/de\/#\/schema\/person\/8f65350e57abad36b98a5971c96fba62"},"headline":"Das Stadtische Camphill Projekt Gestaltungskrafte Des Geistigen","datePublished":"2017-06-01T23:48:57+00:00","dateModified":"2017-06-04T18:56:28+00:00","mainEntityOfPage":{"@id":"https:\/\/www.arc.cz\/de\/das-stadtische-camphill-projekt-gestaltungskrafte-des-geistigen\/"},"wordCount":107,"publisher":{"@id":"https:\/\/www.arc.cz\/de\/#organization"},"image":{"@id":"https:\/\/www.arc.cz\/de\/das-stadtische-camphill-projekt-gestaltungskrafte-des-geistigen\/#primaryimage"},"thumbnailUrl":"","articleSection":["Fachartikel und Berichte"],"inLanguage":"de"},{"@type":"WebPage","@id":"https:\/\/www.arc.cz\/de\/das-stadtische-camphill-projekt-gestaltungskrafte-des-geistigen\/","url":"https:\/\/www.arc.cz\/de\/das-stadtische-camphill-projekt-gestaltungskrafte-des-geistigen\/","name":"Das Stadtische Camphill Projekt Gestaltungskrafte Des Geistigen - Studio ARC","isPartOf":{"@id":"https:\/\/www.arc.cz\/de\/#website"},"primaryImageOfPage":{"@id":"https:\/\/www.arc.cz\/de\/das-stadtische-camphill-projekt-gestaltungskrafte-des-geistigen\/#primaryimage"},"image":{"@id":"https:\/\/www.arc.cz\/de\/das-stadtische-camphill-projekt-gestaltungskrafte-des-geistigen\/#primaryimage"},"thumbnailUrl":"","datePublished":"2017-06-01T23:48:57+00:00","dateModified":"2017-06-04T18:56:28+00:00","breadcrumb":{"@id":"https:\/\/www.arc.cz\/de\/das-stadtische-camphill-projekt-gestaltungskrafte-des-geistigen\/#breadcrumb"},"inLanguage":"de","potentialAction":[{"@type":"ReadAction","target":["https:\/\/www.arc.cz\/de\/das-stadtische-camphill-projekt-gestaltungskrafte-des-geistigen\/"]}]},{"@type":"ImageObject","inLanguage":"de","@id":"https:\/\/www.arc.cz\/de\/das-stadtische-camphill-projekt-gestaltungskrafte-des-geistigen\/#primaryimage","url":"","contentUrl":""},{"@type":"BreadcrumbList","@id":"https:\/\/www.arc.cz\/de\/das-stadtische-camphill-projekt-gestaltungskrafte-des-geistigen\/#breadcrumb","itemListElement":[{"@type":"ListItem","position":1,"name":"Dom\u016f","item":"https:\/\/www.arc.cz\/de\/celostni-a-organicka-architektura\/"},{"@type":"ListItem","position":2,"name":"Das Stadtische Camphill Projekt Gestaltungskrafte Des Geistigen"}]},{"@type":"WebSite","@id":"https:\/\/www.arc.cz\/de\/#website","url":"https:\/\/www.arc.cz\/de\/","name":"Studio ARC","description":"Old\u0159ich Hozman Architect | Holistic and organic architecture","publisher":{"@id":"https:\/\/www.arc.cz\/de\/#organization"},"potentialAction":[{"@type":"SearchAction","target":{"@type":"EntryPoint","urlTemplate":"https:\/\/www.arc.cz\/de\/?s={search_term_string}"},"query-input":"required name=search_term_string"}],"inLanguage":"de"},{"@type":"Organization","@id":"https:\/\/www.arc.cz\/de\/#organization","name":"Studio ARC","url":"https:\/\/www.arc.cz\/de\/","logo":{"@type":"ImageObject","inLanguage":"de","@id":"https:\/\/www.arc.cz\/de\/#\/schema\/logo\/image\/","url":"https:\/\/www.arc.cz\/wp-content\/uploads\/logo.gif","contentUrl":"https:\/\/www.arc.cz\/wp-content\/uploads\/logo.gif","width":125,"height":125,"caption":"Studio ARC"},"image":{"@id":"https:\/\/www.arc.cz\/de\/#\/schema\/logo\/image\/"}},{"@type":"Person","@id":"https:\/\/www.arc.cz\/de\/#\/schema\/person\/8f65350e57abad36b98a5971c96fba62","name":"Ji\u0159\u00ed Proch\u00e1zka","sameAs":["http:\/\/www.norbou.com"],"url":"https:\/\/www.arc.cz\/de\/author\/norbou\/"}]}},"_links":{"self":[{"href":"https:\/\/www.arc.cz\/de\/wp-json\/wp\/v2\/posts\/30226"}],"collection":[{"href":"https:\/\/www.arc.cz\/de\/wp-json\/wp\/v2\/posts"}],"about":[{"href":"https:\/\/www.arc.cz\/de\/wp-json\/wp\/v2\/types\/post"}],"author":[{"embeddable":true,"href":"https:\/\/www.arc.cz\/de\/wp-json\/wp\/v2\/users\/1"}],"replies":[{"embeddable":true,"href":"https:\/\/www.arc.cz\/de\/wp-json\/wp\/v2\/comments?post=30226"}],"version-history":[{"count":0,"href":"https:\/\/www.arc.cz\/de\/wp-json\/wp\/v2\/posts\/30226\/revisions"}],"wp:featuredmedia":[{"embeddable":true,"href":"https:\/\/www.arc.cz\/de\/wp-json\/"}],"wp:attachment":[{"href":"https:\/\/www.arc.cz\/de\/wp-json\/wp\/v2\/media?parent=30226"}],"wp:term":[{"taxonomy":"category","embeddable":true,"href":"https:\/\/www.arc.cz\/de\/wp-json\/wp\/v2\/categories?post=30226"},{"taxonomy":"post_tag","embeddable":true,"href":"https:\/\/www.arc.cz\/de\/wp-json\/wp\/v2\/tags?post=30226"}],"curies":[{"name":"wp","href":"https:\/\/api.w.org\/{rel}","templated":true}]}}