{"id":29617,"date":"2009-05-01T23:23:10","date_gmt":"2009-05-01T22:23:10","guid":{"rendered":"https:\/\/www.arc.cz\/ecological-and-holistic-architecture\/"},"modified":"2017-03-06T23:35:34","modified_gmt":"2017-03-06T22:35:34","slug":"ecological-and-holistic-architecture","status":"publish","type":"post","link":"https:\/\/www.arc.cz\/en\/ecological-and-holistic-architecture\/","title":{"rendered":"Ecological and Holistic Architecture"},"content":{"rendered":"<strong>Interview with Old\u0159ich Hozmann for the A2 magazine Issue 5\/2009\r\n<\/strong>\r\nWhat is the difference between ecological and holistic architecture and how can one work with the learning of the East in relation to energies in our contemporary western world?, asks Michal Janata.\r\n<ul>\r\n \t<li><a href=\"https:\/\/www.arc.cz\/wp-content\/uploads\/2016\/12\/a2_ekologicka-celostni-architektura.pdf\">The article in Czech language (PDF)<\/a><\/li>\r\n<\/ul>","protected":false},"excerpt":{"rendered":"Interview with Old\u0159ich Hozmann for the A2 magazine Issue 5\/2009 What is the difference between ecological and holistic architecture and how can one work with the learning of the East in relation to energies in our contemporary western world?, asks Michal Janata. The article in Czech language (PDF)","protected":false},"author":1,"featured_media":20243,"comment_status":"closed","ping_status":"closed","sticky":false,"template":"","format":"standard","meta":{"footnotes":""},"categories":[70],"tags":[],"yoast_head":"<!-- This site is optimized with the Yoast SEO plugin v23.1 - https:\/\/yoast.com\/wordpress\/plugins\/seo\/ -->\n<title>Ecological and Holistic Architecture - Studio ARC<\/title>\n<meta name=\"robots\" content=\"index, follow, max-snippet:-1, max-image-preview:large, max-video-preview:-1\" \/>\n<link rel=\"canonical\" href=\"https:\/\/www.arc.cz\/en\/ecological-and-holistic-architecture\/\" \/>\n<meta property=\"og:locale\" content=\"en_US\" \/>\n<meta property=\"og:type\" content=\"article\" \/>\n<meta property=\"og:title\" content=\"Ecological and Holistic Architecture - Studio ARC\" \/>\n<meta property=\"og:description\" content=\"Interview with Old\u0159ich Hozmann for the A2 magazine Issue 5\/2009 What is the difference between ecological and holistic architecture and how can one work with the learning of the East in relation to energies in our contemporary western world?, asks Michal Janata. The article in Czech language (PDF)\" \/>\n<meta property=\"og:url\" content=\"https:\/\/www.arc.cz\/en\/ecological-and-holistic-architecture\/\" \/>\n<meta property=\"og:site_name\" content=\"Studio ARC\" \/>\n<meta property=\"article:published_time\" content=\"2009-05-01T22:23:10+00:00\" \/>\n<meta property=\"article:modified_time\" content=\"2017-03-06T22:35:34+00:00\" \/>\n<meta property=\"og:image\" content=\"https:\/\/www.arc.cz\/wp-content\/uploads\/2016\/12\/a2_ekologicka-celostni-architektura_stranka_1.jpg\" \/>\n\t<meta property=\"og:image:width\" content=\"1241\" \/>\n\t<meta property=\"og:image:height\" content=\"1755\" \/>\n\t<meta property=\"og:image:type\" content=\"image\/jpeg\" \/>\n<meta name=\"author\" content=\"Ji\u0159\u00ed Proch\u00e1zka\" \/>\n<meta name=\"twitter:card\" content=\"summary_large_image\" \/>\n<meta name=\"twitter:label1\" content=\"Written by\" \/>\n\t<meta name=\"twitter:data1\" content=\"Ji\u0159\u00ed Proch\u00e1zka\" \/>\n<script type=\"application\/ld+json\" class=\"yoast-schema-graph\">{\"@context\":\"https:\/\/schema.org\",\"@graph\":[{\"@type\":\"Article\",\"@id\":\"https:\/\/www.arc.cz\/en\/ecological-and-holistic-architecture\/#article\",\"isPartOf\":{\"@id\":\"https:\/\/www.arc.cz\/en\/ecological-and-holistic-architecture\/\"},\"author\":{\"name\":\"Ji\u0159\u00ed Proch\u00e1zka\",\"@id\":\"https:\/\/www.arc.cz\/en\/#\/schema\/person\/8f65350e57abad36b98a5971c96fba62\"},\"headline\":\"Ecological and Holistic Architecture\",\"datePublished\":\"2009-05-01T22:23:10+00:00\",\"dateModified\":\"2017-03-06T22:35:34+00:00\",\"mainEntityOfPage\":{\"@id\":\"https:\/\/www.arc.cz\/en\/ecological-and-holistic-architecture\/\"},\"wordCount\":52,\"publisher\":{\"@id\":\"https:\/\/www.arc.cz\/en\/#organization\"},\"image\":{\"@id\":\"https:\/\/www.arc.cz\/en\/ecological-and-holistic-architecture\/#primaryimage\"},\"thumbnailUrl\":\"https:\/\/www.arc.cz\/wp-content\/uploads\/2016\/12\/a2_ekologicka-celostni-architektura_stranka_1.jpg\",\"articleSection\":[\"Articles and Reports\"],\"inLanguage\":\"en-US\"},{\"@type\":\"WebPage\",\"@id\":\"https:\/\/www.arc.cz\/en\/ecological-and-holistic-architecture\/\",\"url\":\"https:\/\/www.arc.cz\/en\/ecological-and-holistic-architecture\/\",\"name\":\"Ecological and Holistic Architecture - Studio ARC\",\"isPartOf\":{\"@id\":\"https:\/\/www.arc.cz\/en\/#website\"},\"primaryImageOfPage\":{\"@id\":\"https:\/\/www.arc.cz\/en\/ecological-and-holistic-architecture\/#primaryimage\"},\"image\":{\"@id\":\"https:\/\/www.arc.cz\/en\/ecological-and-holistic-architecture\/#primaryimage\"},\"thumbnailUrl\":\"https:\/\/www.arc.cz\/wp-content\/uploads\/2016\/12\/a2_ekologicka-celostni-architektura_stranka_1.jpg\",\"datePublished\":\"2009-05-01T22:23:10+00:00\",\"dateModified\":\"2017-03-06T22:35:34+00:00\",\"breadcrumb\":{\"@id\":\"https:\/\/www.arc.cz\/en\/ecological-and-holistic-architecture\/#breadcrumb\"},\"inLanguage\":\"en-US\",\"potentialAction\":[{\"@type\":\"ReadAction\",\"target\":[\"https:\/\/www.arc.cz\/en\/ecological-and-holistic-architecture\/\"]}]},{\"@type\":\"ImageObject\",\"inLanguage\":\"en-US\",\"@id\":\"https:\/\/www.arc.cz\/en\/ecological-and-holistic-architecture\/#primaryimage\",\"url\":\"https:\/\/www.arc.cz\/wp-content\/uploads\/2016\/12\/a2_ekologicka-celostni-architektura_stranka_1.jpg\",\"contentUrl\":\"https:\/\/www.arc.cz\/wp-content\/uploads\/2016\/12\/a2_ekologicka-celostni-architektura_stranka_1.jpg\",\"width\":1241,\"height\":1755},{\"@type\":\"BreadcrumbList\",\"@id\":\"https:\/\/www.arc.cz\/en\/ecological-and-holistic-architecture\/#breadcrumb\",\"itemListElement\":[{\"@type\":\"ListItem\",\"position\":1,\"name\":\"Dom\u016f\",\"item\":\"https:\/\/www.arc.cz\/en\/uvod\/\"},{\"@type\":\"ListItem\",\"position\":2,\"name\":\"Ecological and Holistic Architecture\"}]},{\"@type\":\"WebSite\",\"@id\":\"https:\/\/www.arc.cz\/en\/#website\",\"url\":\"https:\/\/www.arc.cz\/en\/\",\"name\":\"Studio ARC\",\"description\":\"Old\u0159ich Hozman Architect | Holistic and organic architecture\",\"publisher\":{\"@id\":\"https:\/\/www.arc.cz\/en\/#organization\"},\"potentialAction\":[{\"@type\":\"SearchAction\",\"target\":{\"@type\":\"EntryPoint\",\"urlTemplate\":\"https:\/\/www.arc.cz\/en\/?s={search_term_string}\"},\"query-input\":\"required name=search_term_string\"}],\"inLanguage\":\"en-US\"},{\"@type\":\"Organization\",\"@id\":\"https:\/\/www.arc.cz\/en\/#organization\",\"name\":\"Studio ARC\",\"url\":\"https:\/\/www.arc.cz\/en\/\",\"logo\":{\"@type\":\"ImageObject\",\"inLanguage\":\"en-US\",\"@id\":\"https:\/\/www.arc.cz\/en\/#\/schema\/logo\/image\/\",\"url\":\"https:\/\/www.arc.cz\/wp-content\/uploads\/logo.gif\",\"contentUrl\":\"https:\/\/www.arc.cz\/wp-content\/uploads\/logo.gif\",\"width\":125,\"height\":125,\"caption\":\"Studio ARC\"},\"image\":{\"@id\":\"https:\/\/www.arc.cz\/en\/#\/schema\/logo\/image\/\"}},{\"@type\":\"Person\",\"@id\":\"https:\/\/www.arc.cz\/en\/#\/schema\/person\/8f65350e57abad36b98a5971c96fba62\",\"name\":\"Ji\u0159\u00ed Proch\u00e1zka\",\"sameAs\":[\"http:\/\/www.norbou.com\"],\"url\":\"https:\/\/www.arc.cz\/en\/author\/norbou\/\"}]}<\/script>\n<!-- \/ Yoast SEO plugin. -->","yoast_head_json":{"title":"Ecological and Holistic Architecture - Studio ARC","robots":{"index":"index","follow":"follow","max-snippet":"max-snippet:-1","max-image-preview":"max-image-preview:large","max-video-preview":"max-video-preview:-1"},"canonical":"https:\/\/www.arc.cz\/en\/ecological-and-holistic-architecture\/","og_locale":"en_US","og_type":"article","og_title":"Ecological and Holistic Architecture - Studio ARC","og_description":"Interview with Old\u0159ich Hozmann for the A2 magazine Issue 5\/2009 What is the difference between ecological and holistic architecture and how can one work with the learning of the East in relation to energies in our contemporary western world?, asks Michal Janata. The article in Czech language (PDF)","og_url":"https:\/\/www.arc.cz\/en\/ecological-and-holistic-architecture\/","og_site_name":"Studio ARC","article_published_time":"2009-05-01T22:23:10+00:00","article_modified_time":"2017-03-06T22:35:34+00:00","og_image":[{"width":1241,"height":1755,"url":"https:\/\/www.arc.cz\/wp-content\/uploads\/2016\/12\/a2_ekologicka-celostni-architektura_stranka_1.jpg","type":"image\/jpeg"}],"author":"Ji\u0159\u00ed Proch\u00e1zka","twitter_card":"summary_large_image","twitter_misc":{"Written by":"Ji\u0159\u00ed Proch\u00e1zka"},"schema":{"@context":"https:\/\/schema.org","@graph":[{"@type":"Article","@id":"https:\/\/www.arc.cz\/en\/ecological-and-holistic-architecture\/#article","isPartOf":{"@id":"https:\/\/www.arc.cz\/en\/ecological-and-holistic-architecture\/"},"author":{"name":"Ji\u0159\u00ed Proch\u00e1zka","@id":"https:\/\/www.arc.cz\/en\/#\/schema\/person\/8f65350e57abad36b98a5971c96fba62"},"headline":"Ecological and Holistic Architecture","datePublished":"2009-05-01T22:23:10+00:00","dateModified":"2017-03-06T22:35:34+00:00","mainEntityOfPage":{"@id":"https:\/\/www.arc.cz\/en\/ecological-and-holistic-architecture\/"},"wordCount":52,"publisher":{"@id":"https:\/\/www.arc.cz\/en\/#organization"},"image":{"@id":"https:\/\/www.arc.cz\/en\/ecological-and-holistic-architecture\/#primaryimage"},"thumbnailUrl":"https:\/\/www.arc.cz\/wp-content\/uploads\/2016\/12\/a2_ekologicka-celostni-architektura_stranka_1.jpg","articleSection":["Articles and Reports"],"inLanguage":"en-US"},{"@type":"WebPage","@id":"https:\/\/www.arc.cz\/en\/ecological-and-holistic-architecture\/","url":"https:\/\/www.arc.cz\/en\/ecological-and-holistic-architecture\/","name":"Ecological and Holistic Architecture - Studio ARC","isPartOf":{"@id":"https:\/\/www.arc.cz\/en\/#website"},"primaryImageOfPage":{"@id":"https:\/\/www.arc.cz\/en\/ecological-and-holistic-architecture\/#primaryimage"},"image":{"@id":"https:\/\/www.arc.cz\/en\/ecological-and-holistic-architecture\/#primaryimage"},"thumbnailUrl":"https:\/\/www.arc.cz\/wp-content\/uploads\/2016\/12\/a2_ekologicka-celostni-architektura_stranka_1.jpg","datePublished":"2009-05-01T22:23:10+00:00","dateModified":"2017-03-06T22:35:34+00:00","breadcrumb":{"@id":"https:\/\/www.arc.cz\/en\/ecological-and-holistic-architecture\/#breadcrumb"},"inLanguage":"en-US","potentialAction":[{"@type":"ReadAction","target":["https:\/\/www.arc.cz\/en\/ecological-and-holistic-architecture\/"]}]},{"@type":"ImageObject","inLanguage":"en-US","@id":"https:\/\/www.arc.cz\/en\/ecological-and-holistic-architecture\/#primaryimage","url":"https:\/\/www.arc.cz\/wp-content\/uploads\/2016\/12\/a2_ekologicka-celostni-architektura_stranka_1.jpg","contentUrl":"https:\/\/www.arc.cz\/wp-content\/uploads\/2016\/12\/a2_ekologicka-celostni-architektura_stranka_1.jpg","width":1241,"height":1755},{"@type":"BreadcrumbList","@id":"https:\/\/www.arc.cz\/en\/ecological-and-holistic-architecture\/#breadcrumb","itemListElement":[{"@type":"ListItem","position":1,"name":"Dom\u016f","item":"https:\/\/www.arc.cz\/en\/uvod\/"},{"@type":"ListItem","position":2,"name":"Ecological and Holistic Architecture"}]},{"@type":"WebSite","@id":"https:\/\/www.arc.cz\/en\/#website","url":"https:\/\/www.arc.cz\/en\/","name":"Studio ARC","description":"Old\u0159ich Hozman Architect | Holistic and organic architecture","publisher":{"@id":"https:\/\/www.arc.cz\/en\/#organization"},"potentialAction":[{"@type":"SearchAction","target":{"@type":"EntryPoint","urlTemplate":"https:\/\/www.arc.cz\/en\/?s={search_term_string}"},"query-input":"required name=search_term_string"}],"inLanguage":"en-US"},{"@type":"Organization","@id":"https:\/\/www.arc.cz\/en\/#organization","name":"Studio ARC","url":"https:\/\/www.arc.cz\/en\/","logo":{"@type":"ImageObject","inLanguage":"en-US","@id":"https:\/\/www.arc.cz\/en\/#\/schema\/logo\/image\/","url":"https:\/\/www.arc.cz\/wp-content\/uploads\/logo.gif","contentUrl":"https:\/\/www.arc.cz\/wp-content\/uploads\/logo.gif","width":125,"height":125,"caption":"Studio ARC"},"image":{"@id":"https:\/\/www.arc.cz\/en\/#\/schema\/logo\/image\/"}},{"@type":"Person","@id":"https:\/\/www.arc.cz\/en\/#\/schema\/person\/8f65350e57abad36b98a5971c96fba62","name":"Ji\u0159\u00ed Proch\u00e1zka","sameAs":["http:\/\/www.norbou.com"],"url":"https:\/\/www.arc.cz\/en\/author\/norbou\/"}]}},"_links":{"self":[{"href":"https:\/\/www.arc.cz\/en\/wp-json\/wp\/v2\/posts\/29617"}],"collection":[{"href":"https:\/\/www.arc.cz\/en\/wp-json\/wp\/v2\/posts"}],"about":[{"href":"https:\/\/www.arc.cz\/en\/wp-json\/wp\/v2\/types\/post"}],"author":[{"embeddable":true,"href":"https:\/\/www.arc.cz\/en\/wp-json\/wp\/v2\/users\/1"}],"replies":[{"embeddable":true,"href":"https:\/\/www.arc.cz\/en\/wp-json\/wp\/v2\/comments?post=29617"}],"version-history":[{"count":0,"href":"https:\/\/www.arc.cz\/en\/wp-json\/wp\/v2\/posts\/29617\/revisions"}],"wp:featuredmedia":[{"embeddable":true,"href":"https:\/\/www.arc.cz\/en\/wp-json\/wp\/v2\/media\/20243"}],"wp:attachment":[{"href":"https:\/\/www.arc.cz\/en\/wp-json\/wp\/v2\/media?parent=29617"}],"wp:term":[{"taxonomy":"category","embeddable":true,"href":"https:\/\/www.arc.cz\/en\/wp-json\/wp\/v2\/categories?post=29617"},{"taxonomy":"post_tag","embeddable":true,"href":"https:\/\/www.arc.cz\/en\/wp-json\/wp\/v2\/tags?post=29617"}],"curies":[{"name":"wp","href":"https:\/\/api.w.org\/{rel}","templated":true}]}}